{"id":105,"date":"2025-10-01T09:00:34","date_gmt":"2025-10-01T07:00:34","guid":{"rendered":"https:\/\/tk-simonswald.de\/?p=105"},"modified":"2025-10-01T09:01:24","modified_gmt":"2025-10-01T07:01:24","slug":"herbstkonzert-mit-dem-mv-prechtal","status":"publish","type":"post","link":"https:\/\/tk-simonswald.de\/?p=105","title":{"rendered":"Herbstkonzert mit dem MV Prechtal"},"content":{"rendered":"\n<p class=\"wp-block-paragraph\"><strong> am 18. Oktober 2025<\/strong><\/p>\n\n\n\n<p class=\"wp-block-paragraph\">Der Musikverein Prechtal hei\u00dft am <strong>18.10.2025 um 20.00 Uhr<\/strong> alle Freunde der Blasmusik zu seinem Herbstkonzert herzlich willkommen. Als musikalischen Partner begr\u00fc\u00dfen wir dieses Jahr ganz herzlich die Trachtenkapelle Simonswald.<\/p>\n\n\n\n<p class=\"wp-block-paragraph\">Das Publikum darf sich auf ein musikalisch interessantes und abwechslungsreiches Programm freuen, das die beiden Dirigenten Matthias Singler und MD Joachim Riester zusammengestellt haben. Dabei erklingen Originalkompositionen der sinfonischen Blasmusik, Werke aus der Popmusik sowie Filmmusikmelodien.<\/p>\n\n\n\n<p class=\"wp-block-paragraph\">Alle Freunde der Blasmusik sind herzlich eingeladen zusammen mit den Musikern aus Elz- und Simonsw\u00e4ldertal einen stimmungsvollen Konzertabend zu erleben. Dabei wird in der herbstlich geschm\u00fcckten Steinberghalle auch f\u00fcr das leibliche Wohl gesorgt sein. Karten sind im VVK bei allen aktiven Musikerinnen und Musikern erh\u00e4ltlich (VVK 8 \u20ac; Abendkasse 10 \u20ac) oder \u00fcber <a href=\"mailto:reservierung@musikverein-prechtal.de\">reservierung@musikverein-prechtal.de<\/a>. Einlass ist ab 19:15 Uhr.<\/p>\n\n\n\n<p class=\"wp-block-paragraph\">Wir freuen uns auf Ihren Besuch und w\u00fcnschen allen Konzertg\u00e4sten bereits heute viel Vergn\u00fcgen.<\/p>\n\n\n\n<figure class=\"wp-block-image size-large\"><img loading=\"lazy\" decoding=\"async\" width=\"1024\" height=\"727\" src=\"https:\/\/tk-simonswald.de\/wp-content\/uploads\/2025\/10\/programm_dp_prechtal-1024x727.jpg\" alt=\"\" class=\"wp-image-107\" srcset=\"https:\/\/tk-simonswald.de\/wp-content\/uploads\/2025\/10\/programm_dp_prechtal-1024x727.jpg 1024w, https:\/\/tk-simonswald.de\/wp-content\/uploads\/2025\/10\/programm_dp_prechtal-300x213.jpg 300w, https:\/\/tk-simonswald.de\/wp-content\/uploads\/2025\/10\/programm_dp_prechtal-768x545.jpg 768w, https:\/\/tk-simonswald.de\/wp-content\/uploads\/2025\/10\/programm_dp_prechtal.jpg 1280w\" sizes=\"auto, (max-width: 1024px) 100vw, 1024px\" \/><\/figure>\n","protected":false},"excerpt":{"rendered":"<p>am 18. Oktober 2025 Der Musikverein Prechtal hei\u00dft am 18.10.2025 um 20.00 Uhr alle Freunde der Blasmusik zu seinem Herbstkonzert<\/p>\n","protected":false},"author":1,"featured_media":0,"comment_status":"closed","ping_status":"","sticky":false,"template":"","format":"standard","meta":{"footnotes":""},"categories":[1],"tags":[],"class_list":["post-105","post","type-post","status-publish","format-standard","hentry","category-allgemein"],"_links":{"self":[{"href":"https:\/\/tk-simonswald.de\/index.php?rest_route=\/wp\/v2\/posts\/105","targetHints":{"allow":["GET"]}}],"collection":[{"href":"https:\/\/tk-simonswald.de\/index.php?rest_route=\/wp\/v2\/posts"}],"about":[{"href":"https:\/\/tk-simonswald.de\/index.php?rest_route=\/wp\/v2\/types\/post"}],"author":[{"embeddable":true,"href":"https:\/\/tk-simonswald.de\/index.php?rest_route=\/wp\/v2\/users\/1"}],"replies":[{"embeddable":true,"href":"https:\/\/tk-simonswald.de\/index.php?rest_route=%2Fwp%2Fv2%2Fcomments&post=105"}],"version-history":[{"count":2,"href":"https:\/\/tk-simonswald.de\/index.php?rest_route=\/wp\/v2\/posts\/105\/revisions"}],"predecessor-version":[{"id":109,"href":"https:\/\/tk-simonswald.de\/index.php?rest_route=\/wp\/v2\/posts\/105\/revisions\/109"}],"wp:attachment":[{"href":"https:\/\/tk-simonswald.de\/index.php?rest_route=%2Fwp%2Fv2%2Fmedia&parent=105"}],"wp:term":[{"taxonomy":"category","embeddable":true,"href":"https:\/\/tk-simonswald.de\/index.php?rest_route=%2Fwp%2Fv2%2Fcategories&post=105"},{"taxonomy":"post_tag","embeddable":true,"href":"https:\/\/tk-simonswald.de\/index.php?rest_route=%2Fwp%2Fv2%2Ftags&post=105"}],"curies":[{"name":"wp","href":"https:\/\/api.w.org\/{rel}","templated":true}]}}