{"id":69,"date":"2024-08-26T15:06:16","date_gmt":"2024-08-26T13:06:16","guid":{"rendered":"https:\/\/tk-simonswald.de\/?p=69"},"modified":"2024-08-26T15:15:05","modified_gmt":"2024-08-26T13:15:05","slug":"15-almabtrieb","status":"publish","type":"post","link":"https:\/\/tk-simonswald.de\/?p=69","title":{"rendered":"15. Simonsw\u00e4lder Almabtrieb"},"content":{"rendered":"\n<p class=\"wp-block-paragraph\">Die Trachtenkapelle Simonswald hat zu ihrem 15. Almabtrieb ein abwechslungsreiches Festprogramm zusammengestellt.<\/p>\n\n\n\n<p class=\"wp-block-paragraph\">Zu diesem kleinen Jubil\u00e4um haben wir keine Kosten &amp; M\u00fchen gescheut um am Freitag das Festzelt in z\u00fcnftiger Atmosph\u00e4re mit der Gruppe Lederarsch zum kochen zu bringen.<\/p>\n\n\n\n<p class=\"wp-block-paragraph\">Hier hei\u00dft es nur noch: Luftquetsche einpacken und ab in den Hexenkessel!<\/p>\n\n\n\n<p class=\"wp-block-paragraph\">Am <strong>Samstagabend <\/strong>beginnt um <strong>20 Uhr<\/strong> der Original Simonsw\u00e4lder Heimatabend. Eintritt frei.<\/p>\n\n\n\n<p class=\"wp-block-paragraph\"><strong>Sonntag ab 11.30 Uhr<\/strong> startet dann der Almabtrieb begleitet mit dem Musikvereinen &amp; Trachtenpapelle Niederwasser. Anschlie\u00dfend Fr\u00fchschoppenkonzert mit der Stadtkapelle Furtwangen  sowie der Trachtenkapelle Schuttertal.<\/p>\n\n\n\n<p class=\"wp-block-paragraph\">Die schon legend\u00e4re Bauern Olympiade findet ab ca. 14 Uhr rund um das Festgel\u00e4nde statt.<\/p>\n\n\n\n<figure class=\"wp-block-image size-full\"><img loading=\"lazy\" decoding=\"async\" width=\"911\" height=\"910\" src=\"https:\/\/tk-simonswald.de\/wp-content\/uploads\/2024\/08\/Screenshot-2024-08-26-150537.png\" alt=\"\" class=\"wp-image-70\" srcset=\"https:\/\/tk-simonswald.de\/wp-content\/uploads\/2024\/08\/Screenshot-2024-08-26-150537.png 911w, https:\/\/tk-simonswald.de\/wp-content\/uploads\/2024\/08\/Screenshot-2024-08-26-150537-300x300.png 300w, https:\/\/tk-simonswald.de\/wp-content\/uploads\/2024\/08\/Screenshot-2024-08-26-150537-150x150.png 150w, https:\/\/tk-simonswald.de\/wp-content\/uploads\/2024\/08\/Screenshot-2024-08-26-150537-768x767.png 768w\" sizes=\"auto, (max-width: 911px) 100vw, 911px\" \/><\/figure>\n","protected":false},"excerpt":{"rendered":"<p>Die Trachtenkapelle Simonswald hat zu ihrem 15. Almabtrieb ein abwechslungsreiches Festprogramm zusammengestellt. Zu diesem kleinen Jubil\u00e4um haben wir keine Kosten<\/p>\n","protected":false},"author":1,"featured_media":0,"comment_status":"closed","ping_status":"","sticky":false,"template":"","format":"standard","meta":{"footnotes":""},"categories":[1],"tags":[],"class_list":["post-69","post","type-post","status-publish","format-standard","hentry","category-allgemein"],"_links":{"self":[{"href":"https:\/\/tk-simonswald.de\/index.php?rest_route=\/wp\/v2\/posts\/69","targetHints":{"allow":["GET"]}}],"collection":[{"href":"https:\/\/tk-simonswald.de\/index.php?rest_route=\/wp\/v2\/posts"}],"about":[{"href":"https:\/\/tk-simonswald.de\/index.php?rest_route=\/wp\/v2\/types\/post"}],"author":[{"embeddable":true,"href":"https:\/\/tk-simonswald.de\/index.php?rest_route=\/wp\/v2\/users\/1"}],"replies":[{"embeddable":true,"href":"https:\/\/tk-simonswald.de\/index.php?rest_route=%2Fwp%2Fv2%2Fcomments&post=69"}],"version-history":[{"count":2,"href":"https:\/\/tk-simonswald.de\/index.php?rest_route=\/wp\/v2\/posts\/69\/revisions"}],"predecessor-version":[{"id":74,"href":"https:\/\/tk-simonswald.de\/index.php?rest_route=\/wp\/v2\/posts\/69\/revisions\/74"}],"wp:attachment":[{"href":"https:\/\/tk-simonswald.de\/index.php?rest_route=%2Fwp%2Fv2%2Fmedia&parent=69"}],"wp:term":[{"taxonomy":"category","embeddable":true,"href":"https:\/\/tk-simonswald.de\/index.php?rest_route=%2Fwp%2Fv2%2Fcategories&post=69"},{"taxonomy":"post_tag","embeddable":true,"href":"https:\/\/tk-simonswald.de\/index.php?rest_route=%2Fwp%2Fv2%2Ftags&post=69"}],"curies":[{"name":"wp","href":"https:\/\/api.w.org\/{rel}","templated":true}]}}